{"id":5104,"date":"2022-06-08T15:35:47","date_gmt":"2022-06-08T13:35:47","guid":{"rendered":"https:\/\/landbell-group.com\/?post_type=news&#038;p=5104"},"modified":"2022-07-06T14:35:29","modified_gmt":"2022-07-06T12:35:29","slug":"ein-label-fuer-eine-wirklich-nachhaltige-kreislaufwirtschaft","status":"publish","type":"news","link":"http:\/\/lbg-old.hosting125805.a2fe8.netcup.net\/de\/news\/ein-label-fuer-eine-wirklich-nachhaltige-kreislaufwirtschaft\/","title":{"rendered":"Ein Label f\u00fcr eine wirklich nachhaltige Kreislaufwirtschaft?"},"content":{"rendered":"\n<h2><strong>Deutschland beginnt mit den Vorbereitungen f\u00fcr ein neues Recycling-Label<\/strong><\/h2>\n\n\n\n<p>Der Haushaltsausschuss des Bundestages hat die erforderlichen Mittel f\u00fcr die Entwicklung eines Recyclinglabels freigegeben. Das Label soll den Anteil an Rezyklaten oder Sekund\u00e4rrohstoffen in Produkten angeben und war bereits im Koalitionsvertrag angek\u00fcndigt worden. Die Bef\u00fcrworter erhoffen sich unter anderem mehr Transparenz f\u00fcr die \u00f6ffentliche Beschaffung von Produkten.<\/p>\n\n\n\n<p>F\u00fcr die Entwicklung des Labels sind 600.000 Euro an Haushaltsmitteln vorgesehen. Es soll \u00fcber die n\u00e4chsten Jahre entwickelt werden.<\/p>\n\n\n\n<p>Michael Thews, Mitglied des Deutschen Bundestages und Berichterstatter f\u00fcr Kreislaufwirtschaft und Ressourcenschonung, sagt dazu: <\/p>\n\n\n\n<blockquote class=\"wp-block-quote\"><p>&#8222;Der Einsatz von Rezyklaten bei der Herstellung von neuen Produkten ist Voraussetzung f\u00fcr eine wirkliche nachhaltige Kreislaufwirtschaft. Als Berichterstatter f\u00fcr Kreislaufwirtschaft setze ich mich schon seit Jahren f\u00fcr ein Recyclinglabel ein. Ein Label, das verbindlich, transparent und verl\u00e4sslich Auskunft gibt \u00fcber den Anteil an Rezyklaten oder Sekund\u00e4rrohstoffen, die ein Produkt enth\u00e4lt. Ein derartiges Label erleichtert es deutlich unter anderem in der \u00f6ffentlichen Beschaffung, Produkten, die aus Rezyklaten oder Sekund\u00e4rrohstoffen bestehen, den Vorzug zu geben.&#8220;<\/p><\/blockquote>\n\n\n\n<p>F\u00fcr weitere Informationen k\u00f6nnen Sie uns gerne <a href=\"http:\/\/lbg-old.hosting125805.a2fe8.netcup.net\/de\/kontakt\/\" target=\"_blank\" rel=\"noreferrer noopener\">kontaktieren<\/a>.<\/p>\n\n\n\n<div style=\"text-align:center;\" class=\"wp-block-button is-style-squared\"><a class=\"wp-block-button__link has-background has-pri-0-background-color\" href=\"http:\/\/landbell-group.us4.list-manage.com\/subscribe?u=3c7ff1b96c97455f2fc5a9b58&amp;id=0636ed0d9e\" target=\"_blank\" rel=\"noopener noreferrer\">Newsletter abonnieren<\/a><\/div>\n","protected":false},"excerpt":{"rendered":"<p>Deutschland beginnt mit den Vorbereitungen f\u00fcr ein neues Recycling-Label Der Haushaltsausschuss des Bundestages hat die erforderlichen Mittel f\u00fcr die Entwicklung eines Recyclinglabels freigegeben. Das [&hellip;]<\/p>\n","protected":false},"featured_media":5164,"template":"","news_tag":[48],"_links":{"self":[{"href":"http:\/\/lbg-old.hosting125805.a2fe8.netcup.net\/de\/wp-json\/wp\/v2\/news\/5104"}],"collection":[{"href":"http:\/\/lbg-old.hosting125805.a2fe8.netcup.net\/de\/wp-json\/wp\/v2\/news"}],"about":[{"href":"http:\/\/lbg-old.hosting125805.a2fe8.netcup.net\/de\/wp-json\/wp\/v2\/types\/news"}],"wp:featuredmedia":[{"embeddable":true,"href":"http:\/\/lbg-old.hosting125805.a2fe8.netcup.net\/de\/wp-json\/wp\/v2\/media\/5164"}],"wp:attachment":[{"href":"http:\/\/lbg-old.hosting125805.a2fe8.netcup.net\/de\/wp-json\/wp\/v2\/media?parent=5104"}],"wp:term":[{"taxonomy":"news_tag","embeddable":true,"href":"http:\/\/lbg-old.hosting125805.a2fe8.netcup.net\/de\/wp-json\/wp\/v2\/news_tag?post=5104"}],"curies":[{"name":"wp","href":"https:\/\/api.w.org\/{rel}","templated":true}]}}