{"id":5037,"date":"2022-05-10T08:06:42","date_gmt":"2022-05-10T06:06:42","guid":{"rendered":"https:\/\/landbell-group.com\/?post_type=news&#038;p=5037"},"modified":"2022-07-06T14:35:30","modified_gmt":"2022-07-06T12:35:30","slug":"spanien-macht-einen-grossen-schritt-nach-vorne","status":"publish","type":"news","link":"http:\/\/lbg-old.hosting125805.a2fe8.netcup.net\/de\/news\/spanien-macht-einen-grossen-schritt-nach-vorne\/","title":{"rendered":"Spanien macht einen gro\u00dfen Schritt nach vorne"},"content":{"rendered":"\n<h2>Neues Gesetz erweitert die Liste der EPR-pflichtigen Abf\u00e4lle &#8211; finden Sie heraus, wie es Sie betrifft<\/h2>\n\n\n\n<p>Am 31. M\u00e4rz billigte das spanische Parlament ein neues Gesetz, mit dem die der erweiterten Herstellerverantwortung (EPR) unterliegenden Abfallstr\u00f6me ausgeweitet werden. Das Gesetz 7\/2022 \u00fcber \u201eAbf\u00e4lle und kontaminierte B\u00f6den f\u00fcr die Kreislaufwirtschaft\u201c trat nach seiner Ver\u00f6ffentlichung am 8. April in Kraft.<\/p>\n\n\n\n<p>Der neue Rechtsrahmen f\u00fcr EPR, der nun im Einklang mit den geltenden EU-Vorschriften ist, soll sicherstellen, dass Hersteller von Textilien, M\u00f6beln und Einrichtungsgegenst\u00e4nden sowie von Kunststoffen f\u00fcr landwirtschaftliche Zwecke u.a. die finanzielle und\/oder organisatorische Verantwortung f\u00fcr das Management ihrer Abf\u00e4lle \u00fcbernehmen.<\/p>\n\n\n\n<p>Die Frist f\u00fcr die Umsetzung und Genehmigung der neuen Verordnungen endet im April 2025. Das Gesetz \u00f6ffnet zudem die T\u00fcr f\u00fcr eine weitere Erg\u00e4nzung der EPR-Vorschriften um Einwegkaffeekapseln.<\/p>\n\n\n\n<p>F\u00fcr Abfallstr\u00f6me, die bereits der EPR unterliegen (wie Elektro- und Elektronik-Altger\u00e4te und Batterien), legt das neue Gesetz den 5. Januar 2023 als Frist fest. Es wird daher erwartet, dass die Verordnungen zu diesen beiden Abfallstr\u00f6men bald ge\u00e4ndert werden.<\/p>\n\n\n\n<p>Das Gesetz schreibt zudem vor, dass E-Commerce-Plattformen den Herstellerstatus angeben m\u00fcssen, wenn Unternehmen mit Sitz au\u00dferhalb Spaniens EPR-pflichtige Produkte auf ihren Plattformen verkaufen.<\/p>\n\n\n\n<p>Auch die getrennte Sammlung nimmt in dem Gesetz einen wichtigen Platz ein: Ab Juli 2022 wird die Sammlung von Bioabf\u00e4llen aus Haushalten in St\u00e4dten mit mehr als 5.000 Einwohnern (und ab Januar 2024 f\u00fcr die \u00fcbrigen St\u00e4dte) verpflichtend sein. F\u00fcr Textilabf\u00e4lle, Altspeise\u00f6le, gef\u00e4hrliche Haushaltsabf\u00e4lle und Sperrm\u00fcll muss ab 2025 eine getrennte Sammlung eingef\u00fchrt werden.<\/p>\n\n\n\n<p>Weitere Aspekte, die das neue Gesetz in den Blick nimmt, sind u. a:<\/p>\n\n\n\n<ul><li>neue und ehrgeizige Ziele f\u00fcr die Vorbereitung zur Wiederverwendung und das Recycling,<\/li><li>neue Steuern f\u00fcr M\u00fclldeponien und Einweg-Plastikverpackungen und<\/li><li>neue Straftatbest\u00e4nde f\u00fcr Verm\u00fcllung und das unerlaubte Verbrennen von landwirtschaftlichen Abf\u00e4llen.<\/li><\/ul>\n\n\n\n<p>Das neue Gesetz wird dazu beitragen, den \u00dcbergang zur Kreislaufwirtschaft in Spanien im kommenden Jahrzehnt voranzutreiben.<\/p>\n\n\n\n<p>F\u00fcr weitere Informationen und Support in Spanien, k\u00f6nnen Sie uns sehr gerne <a href=\"http:\/\/lbg-old.hosting125805.a2fe8.netcup.net\/de\/kontakt\/\" target=\"_blank\" rel=\"noreferrer noopener\">kontaktieren<\/a>.<\/p>\n\n\n\n<div style=\"text-align:center;\" class=\"wp-block-button is-style-squared\"><a class=\"wp-block-button__link has-background has-pri-0-background-color\" href=\"http:\/\/landbell-group.us4.list-manage.com\/subscribe?u=3c7ff1b96c97455f2fc5a9b58&amp;id=0636ed0d9e\" target=\"_blank\" rel=\"noopener noreferrer\">Newsletter abonnieren<\/a><\/div>\n","protected":false},"excerpt":{"rendered":"<p>Neues Gesetz erweitert die Liste der EPR-pflichtigen Abf\u00e4lle &#8211; finden Sie heraus, wie es Sie betrifft Am 31. M\u00e4rz billigte das spanische Parlament ein [&hellip;]<\/p>\n","protected":false},"featured_media":5045,"template":"","news_tag":[48],"_links":{"self":[{"href":"http:\/\/lbg-old.hosting125805.a2fe8.netcup.net\/de\/wp-json\/wp\/v2\/news\/5037"}],"collection":[{"href":"http:\/\/lbg-old.hosting125805.a2fe8.netcup.net\/de\/wp-json\/wp\/v2\/news"}],"about":[{"href":"http:\/\/lbg-old.hosting125805.a2fe8.netcup.net\/de\/wp-json\/wp\/v2\/types\/news"}],"wp:featuredmedia":[{"embeddable":true,"href":"http:\/\/lbg-old.hosting125805.a2fe8.netcup.net\/de\/wp-json\/wp\/v2\/media\/5045"}],"wp:attachment":[{"href":"http:\/\/lbg-old.hosting125805.a2fe8.netcup.net\/de\/wp-json\/wp\/v2\/media?parent=5037"}],"wp:term":[{"taxonomy":"news_tag","embeddable":true,"href":"http:\/\/lbg-old.hosting125805.a2fe8.netcup.net\/de\/wp-json\/wp\/v2\/news_tag?post=5037"}],"curies":[{"name":"wp","href":"https:\/\/api.w.org\/{rel}","templated":true}]}}