{"id":4885,"date":"2022-04-06T15:48:09","date_gmt":"2022-04-06T13:48:09","guid":{"rendered":"https:\/\/landbell-group.com\/?post_type=news&#038;p=4885"},"modified":"2022-07-06T14:35:31","modified_gmt":"2022-07-06T12:35:31","slug":"fokus-auf-chile","status":"publish","type":"news","link":"http:\/\/lbg-old.hosting125805.a2fe8.netcup.net\/de\/news\/fokus-auf-chile\/","title":{"rendered":"Fokus auf&#8230; Chile"},"content":{"rendered":"\n<h2>Unternehmen haben 18 Monate Zeit, um sich auf das neue Verpackungsgesetz vorzubereiten<\/h2>\n\n\n\n<p>Am 16. M\u00e4rz 2021 trat in Chile der Oberste Erlass Nr. 12 \u00fcber Sammel- und Verwertungsziele und damit verbundene Verpflichtungen f\u00fcr Verpackungen im Rahmen des Gesetzes 20.920 \u00fcber die erweiterte Herstellerverantwortung (EPR) in Kraft.<\/p>\n\n\n\n<p>Gem\u00e4\u00df diesem Erlass gilt die EPR f\u00fcr Unternehmen, die auf dem chilenischen Binnenmarkt Konsumg\u00fcter in Verkehr bringen, die in mindestens einem der f\u00fcnf in Artikel 5 der Verordnung genannten Materialien verpackt sind oder deren Verpackung aus mindestens einem dieser Materialien besteht:<\/p>\n\n\n\n<ul><li>Karton f\u00fcr Fl\u00fcssigkeiten,<\/li><li>Metall,<\/li><li>Papier und Pappe,<\/li><li>Kunststoff und<\/li><li>Glas.&nbsp;&nbsp;&nbsp;&nbsp;&nbsp;&nbsp;&nbsp;&nbsp;&nbsp;&nbsp;&nbsp;&nbsp;&nbsp;&nbsp;&nbsp;&nbsp;&nbsp;&nbsp;&nbsp;&nbsp;&nbsp;&nbsp;&nbsp;&nbsp;&nbsp;&nbsp;&nbsp;&nbsp;&nbsp;&nbsp;&nbsp;&nbsp;&nbsp;&nbsp;&nbsp;&nbsp;&nbsp;&nbsp;<\/li><\/ul>\n\n\n\n<p>Hersteller, die der EPR f\u00fcr Verpackungen unterliegen, m\u00fcssen verschiedene Verpflichtungen erf\u00fcllen, u.a.:<\/p>\n\n\n\n<ul><li>Eintragung in das Schadstofffreisetzungs- und Transferregistrierungssystem (Auf Spanisch: RETC),<\/li><li>Organisation und Finanzierung (individuell oder kollektiv) der Sammlung von Verpackungsabf\u00e4llen auf dem gesamten chilenischen Staatsgebiet und<\/li><li>die Einhaltung spezifischer Sammel- und Verwertungsziele f\u00fcr Verpackungsabf\u00e4lle.<\/li><\/ul>\n\n\n\n<p>Die Zielvorgaben f\u00fcr Verpackungsabf\u00e4lle von Haushalten und Gewerbe sind progressiv skaliert und variieren je nach Unterkategorie des Verpackungsmaterials.<\/p>\n\n\n\n<p>Dieser Erlass wird ab dem 16. September 2023 durchgesetzt.<\/p>\n\n\n\n<p>Chile ist eines der L\u00e4nder, die vom Regulatory Tracking Service der Landbell Group abgedeckt werden. Mehr \u00fcber diesen Service erfahren Sie <a href=\"http:\/\/lbg-old.hosting125805.a2fe8.netcup.net\/global-solutions\/regulatory-tracking\/\" target=\"_blank\" rel=\"noreferrer noopener\">hier<\/a>.<\/p>\n\n\n\n<div style=\"text-align:center;\" class=\"wp-block-button is-style-squared\"><a class=\"wp-block-button__link has-background has-pri-0-background-color\" href=\"http:\/\/landbell-group.us4.list-manage.com\/subscribe?u=3c7ff1b96c97455f2fc5a9b58&amp;id=0636ed0d9e\" target=\"_blank\" rel=\"noopener noreferrer\">Newsletter abonnieren<\/a><\/div>\n\n\n\n<p><\/p>\n","protected":false},"excerpt":{"rendered":"<p>Unternehmen haben 18 Monate Zeit, um sich auf das neue Verpackungsgesetz vorzubereiten Am 16. M\u00e4rz 2021 trat in Chile der Oberste Erlass Nr. 12 [&hellip;]<\/p>\n","protected":false},"featured_media":4916,"template":"","news_tag":[48],"_links":{"self":[{"href":"http:\/\/lbg-old.hosting125805.a2fe8.netcup.net\/de\/wp-json\/wp\/v2\/news\/4885"}],"collection":[{"href":"http:\/\/lbg-old.hosting125805.a2fe8.netcup.net\/de\/wp-json\/wp\/v2\/news"}],"about":[{"href":"http:\/\/lbg-old.hosting125805.a2fe8.netcup.net\/de\/wp-json\/wp\/v2\/types\/news"}],"wp:featuredmedia":[{"embeddable":true,"href":"http:\/\/lbg-old.hosting125805.a2fe8.netcup.net\/de\/wp-json\/wp\/v2\/media\/4916"}],"wp:attachment":[{"href":"http:\/\/lbg-old.hosting125805.a2fe8.netcup.net\/de\/wp-json\/wp\/v2\/media?parent=4885"}],"wp:term":[{"taxonomy":"news_tag","embeddable":true,"href":"http:\/\/lbg-old.hosting125805.a2fe8.netcup.net\/de\/wp-json\/wp\/v2\/news_tag?post=4885"}],"curies":[{"name":"wp","href":"https:\/\/api.w.org\/{rel}","templated":true}]}}